{"id":913,"date":"2024-05-13T15:32:00","date_gmt":"2024-05-13T15:32:00","guid":{"rendered":"https:\/\/sosaero.com\/?p=913"},"modified":"2024-05-13T15:32:01","modified_gmt":"2024-05-13T15:32:01","slug":"appetit-intense-a-lenfance","status":"publish","type":"post","link":"https:\/\/sosaero.com\/zh\/appetit-intense-a-lenfance\/","title":{"rendered":"Comprendre les D\u00e9fis de l&rsquo;App\u00e9tit Intense \u00e0 l&rsquo;Enfance et les Troubles du Comportement Alimentaire \u00e0 l&rsquo;Adolescence : Soutien M\u00e9dical avec SOS M\u00e9decins"},"content":{"rendered":"<p>L&#039;<strong>app\u00e9tit intense \u00e0 l&rsquo;enfance<\/strong> \u4ee5\u53ca <strong>troubles du comportement alimentaire<\/strong> (<strong>TCA<\/strong>) \u00e0 l<strong>&lsquo;adolescence<\/strong> sont deux d\u00e9fis de sant\u00e9 distincts mais interconnect\u00e9s qui peuvent avoir un<strong> impact significatif sur la croissance<\/strong>, le d\u00e9veloppement et le bien-\u00eatre \u00e9motionnel des jeunes. Dans cet article, nous explorerons ces deux probl\u00e8mes, leurs causes, leurs sympt\u00f4mes et leur prise en charge, ainsi que le r\u00f4le crucial de <strong><a href=\"https:\/\/sosaero.com\/zh\/\">SOS\u533b\u751f<\/a><\/strong> \u53ca\u5176 <strong>\u503c\u73ed\u533b\u751f\u548c\u968f\u53eb\u968f\u5230\u533b\u751f<\/strong> dans la fourniture de <strong>\u533b\u7597\u652f\u6301 <\/strong>et de conseils aux familles confront\u00e9es \u00e0 ces d\u00e9fis.<\/p>\n\n\n\n<p><strong><em>L&rsquo;app\u00e9tit intense \u00e0 l&rsquo;enfance : Traiter par nos SOS M\u00e9decins<\/em><\/strong><\/p>\n\n\n\n<p>L&#039;<strong>app\u00e9tit intense \u00e0 l&rsquo;enfance<\/strong>, \u00e9galement connu sous le nom de \u00ab\u00a0<strong>hyperphagie<\/strong>\u00a0\u00bb ou \u00ab\u00a0<strong>syndrome de Prader-Willi<\/strong>\u00ab\u00a0, est un<strong> trouble g\u00e9n\u00e9tique<\/strong> rare caract\u00e9ris\u00e9 par une<strong> faim insatiable<\/strong>\uff0cA<strong> app\u00e9tit vorace<\/strong> et un risque accru de surpoids et d&rsquo;ob\u00e9sit\u00e9. Les enfants atteints de ce syndrome peuvent pr\u00e9senter une prise de poids rapide d\u00e8s le plus jeune \u00e2ge, malgr\u00e9 des efforts pour limiter leur <strong>consommation alimentaire<\/strong>.<\/p>\n\n\n\n<p>\u8fd9<strong> causes de l&rsquo;app\u00e9tit intense \u00e0 l&rsquo;enfance<\/strong> sont principalement g\u00e9n\u00e9tiques, avec des mutations ou des anomalies dans certaines r\u00e9gions du chromosome 15 \u00e9tant souvent associ\u00e9es \u00e0 ce trouble. Les sympt\u00f4mes peuvent inclure un app\u00e9tit insatiable, des comportements alimentaires compulsifs, des troubles du sommeil, un retard de d\u00e9veloppement, des troubles cognitifs et des probl\u00e8mes de comportement.<\/p>\n\n\n\n<p>\u90a3\u91cc <strong>gestion de l&rsquo;app\u00e9tit intense \u00e0 l&rsquo;enfance<\/strong> n\u00e9cessite une<strong> \u591a\u5b66\u79d1\u65b9\u6cd5<\/strong>, impliquant des <strong>\u533b\u751f<\/strong>, des nutritionnistes, des<strong> psychologues <\/strong>et d&rsquo;autres <strong>\u533b\u7597\u4fdd\u5065\u4e13\u4e1a\u4eba\u5458<\/strong>.<strong> <\/strong><a href=\"https:\/\/www.sosmedecincasa.com\/\"><strong>SOS\u533b\u751f<\/strong> <\/a>peut jouer un r\u00f4le essentiel en fournissant un soutien m\u00e9dical continu aux enfants atteints de ce trouble, en recommandant des r\u00e9gimes alimentaires sp\u00e9cifiques, des<strong> th\u00e9rapies comportementales <\/strong>\u548c <strong>\u533b\u7597\u5e72\u9884<\/strong> pour aider \u00e0 <strong>contr\u00f4ler l&rsquo;app\u00e9tit <\/strong>et \u00e0 promouvoir une croissance et un d\u00e9veloppement sains.<\/p>\n\n\n\n<p><em><strong>Les Troubles du Comportement Alimentaire \u00e0 l&rsquo;Adolescence :<\/strong><\/em><\/p>\n\n\n\n<p>\u8fd9<strong> troubles du comportement alimentaire <\/strong>(TCA), tels que l&rsquo;<strong><a href=\"https:\/\/sosaero.com\/zh\/\u538c\u98df\u75c7\/\">\u795e\u7ecf\u6027\u538c\u98df\u75c7<\/a>,<\/strong> \u90a3\u91cc<strong> boulimie nervosa<\/strong> et les troubles de l&rsquo;alimentation compulsive, sont des affections psychiatriques graves qui se manifestent souvent \u00e0 l&rsquo;adolescence et sont caract\u00e9ris\u00e9es par des pr\u00e9occupations excessives concernant le poids corporel, la forme et la taille, ainsi que des <strong>comportements alimentaires perturb\u00e9s<\/strong>.<\/p>\n\n\n\n<p>\u8fd9 <strong>causes des TCA <\/strong>sont multifactorielles et peuvent inclure des<strong> facteurs g\u00e9n\u00e9tiques,<\/strong> environnementaux, sociaux et psychologiques. Les adolescents atteints de <strong>TCA<\/strong> peuvent pr\u00e9senter des <strong>\u75c7\u72b6<\/strong> tels que des r\u00e9gimes restrictifs, des \u00e9pisodes de consommation excessive de nourriture suivis de comportements compensatoires, une pr\u00e9occupation obsessionnelle pour la nourriture et le poids, des fluctuations de poids importantes, des <strong>\u5065\u5eb7\u95ee\u9898<\/strong> <strong>mentale coexistants <\/strong>tels que l&rsquo;anxi\u00e9t\u00e9 et la d\u00e9pression, et des probl\u00e8mes de sant\u00e9 physique tels que la<strong> d\u00e9shydratation,<\/strong> les t<strong>roubles gastro-intestinaux<\/strong> \u4ee5\u53ca <strong>\u5fc3\u810f\u95ee\u9898<\/strong>.<\/p>\n\n\n\n<p>\u90a3\u91cc<strong> prise en charge des TCA<\/strong> implique souvent une combinaison de th\u00e9rapie m\u00e9dicale, de th\u00e9rapie comportementale, de counseling nutritionnel et de soutien familial. <strong>SOS\u533b\u751f<\/strong> joue un r\u00f4le crucial dans la d\u00e9tection pr\u00e9coce et la prise en charge des<strong> TCA<\/strong> chez les adolescents, en fournissant une assistance m\u00e9dicale sp\u00e9cialis\u00e9e, en recommandant des <strong>\u00e9valuations diagnostiques<\/strong> appropri\u00e9es, et en coordonnant les soins avec d&rsquo;autres<strong> \u533b\u7597\u4fdd\u5065\u4e13\u4e1a\u4eba\u5458 <\/strong>pour assurer une approche int\u00e9gr\u00e9e et holistique du traitement.<\/p>\n\n\n\n<p>En conclusion, l&rsquo;app\u00e9tit intense \u00e0 l&rsquo;enfance et les troubles du comportement alimentaire \u00e0 l&rsquo;adolescence sont deux d\u00e9fis de sant\u00e9 distincts mais li\u00e9s qui n\u00e9cessitent une attention m\u00e9dicale et une prise en charge sp\u00e9cialis\u00e9es.<strong> SOS M\u00e9decins,<\/strong> avec ses<strong> <a href=\"https:\/\/docteur-domicile.ma\/\">\u503c\u73ed\u533b\u751f <\/a><\/strong>et de permanence, est l\u00e0 pour offrir un soutien m\u00e9dical et des conseils aux familles confront\u00e9es \u00e0 ces probl\u00e8mes, en travaillant en collaboration avec d&rsquo;autres<strong> \u533b\u7597\u4fdd\u5065\u4e13\u4e1a\u4eba\u5458<\/strong> pour fournir des soins int\u00e9gr\u00e9s et holistiques aux enfants et aux adolescents touch\u00e9s. En travaillant ensemble, nous pouvons aider les jeunes \u00e0 surmonter ces d\u00e9fis et \u00e0 retrouver une sant\u00e9 physique et \u00e9motionnelle optimale.<\/p>","protected":false},"excerpt":{"rendered":"<p>L&rsquo;app\u00e9tit intense \u00e0 l&rsquo;enfance et les troubles du comportement alimentaire (TCA) \u00e0 l&lsquo;adolescence sont deux d\u00e9fis de sant\u00e9 distincts mais interconnect\u00e9s qui peuvent avoir un impact significatif sur la croissance, le d\u00e9veloppement et le bien-\u00eatre \u00e9motionnel des jeunes. Dans cet article, nous explorerons ces deux probl\u00e8mes, leurs causes, leurs sympt\u00f4mes et leur prise en charge, [&hellip;]<\/p>","protected":false},"author":1,"featured_media":914,"comment_status":"open","ping_status":"open","sticky":false,"template":"","format":"standard","meta":{"inline_featured_image":false,"footnotes":""},"categories":[1],"tags":[47,19,26,17,16,20,24,27,28],"class_list":["post-913","post","type-post","status-publish","format-standard","has-post-thumbnail","hentry","category-blog","tag-appetit-intense-a-lenfance","tag-medecins-a-domicile","tag-sos","tag-sos-aero","tag-sos-aero-maroc","tag-sos-medecins","tag-trouver-un-medecin-a-domicile","tag-urgences","tag-urgences-a-domicile"],"_links":{"self":[{"href":"https:\/\/sosaero.com\/zh\/wp-json\/wp\/v2\/posts\/913","targetHints":{"allow":["GET"]}}],"collection":[{"href":"https:\/\/sosaero.com\/zh\/wp-json\/wp\/v2\/posts"}],"about":[{"href":"https:\/\/sosaero.com\/zh\/wp-json\/wp\/v2\/types\/post"}],"author":[{"embeddable":true,"href":"https:\/\/sosaero.com\/zh\/wp-json\/wp\/v2\/users\/1"}],"replies":[{"embeddable":true,"href":"https:\/\/sosaero.com\/zh\/wp-json\/wp\/v2\/comments?post=913"}],"version-history":[{"count":1,"href":"https:\/\/sosaero.com\/zh\/wp-json\/wp\/v2\/posts\/913\/revisions"}],"predecessor-version":[{"id":915,"href":"https:\/\/sosaero.com\/zh\/wp-json\/wp\/v2\/posts\/913\/revisions\/915"}],"wp:featuredmedia":[{"embeddable":true,"href":"https:\/\/sosaero.com\/zh\/wp-json\/wp\/v2\/media\/914"}],"wp:attachment":[{"href":"https:\/\/sosaero.com\/zh\/wp-json\/wp\/v2\/media?parent=913"}],"wp:term":[{"taxonomy":"category","embeddable":true,"href":"https:\/\/sosaero.com\/zh\/wp-json\/wp\/v2\/categories?post=913"},{"taxonomy":"post_tag","embeddable":true,"href":"https:\/\/sosaero.com\/zh\/wp-json\/wp\/v2\/tags?post=913"}],"curies":[{"name":"wp","href":"https:\/\/api.w.org\/{rel}","templated":true}]}}